{"id":94,"date":"2009-12-02T21:26:35","date_gmt":"2009-12-02T23:26:35","guid":{"rendered":"http:\/\/www.universolivre.com.br\/blog\/?p=94"},"modified":"2009-12-02T21:26:35","modified_gmt":"2009-12-02T23:26:35","slug":"migrandoapcef","status":"publish","type":"post","link":"https:\/\/www.universolivre.com.br\/?p=94","title":{"rendered":"Migra\u00e7\u00e3o n\u00e3o \u00e9 f\u00e1cil\u2026 mas quem disse que seria???"},"content":{"rendered":"<p>Pois \u00e9&#8230; Estou oficialmente contratado por tempo indeterminado pela <a title=\"APCEF\/RS\" href=\"http:\/\/www.apcefrs.org.br\" target=\"_blank\">APCEF\/RS<\/a>, a <a title=\"APCEF\/RS\" href=\"http:\/\/www.apcefrs.org.br\" target=\"_blank\">Associa\u00e7\u00e3o do Pessoal da Caixa Econ\u00f4mica Federal do Rio Grande do Sul<\/a>, e desde o in\u00edcio de novembro estou cheio de coisas para fazer com o novo servidor que a associa\u00e7\u00e3o comprou.<\/p>\n<p>Trata-se de um Dell PowerEdge T310 com processador Xeon QuadCore, 4 GiB de RAM, dois discos de 500 GiB em Raid e quatro interfaces de rede Gigabit Ethernet. Confesso que n\u00e3o \u00e9 a m\u00e1quina mais poderosa com a qual j\u00e1 trabalhei, mas, com certeza, \u00e9 a m\u00e1quina poderosa com a qual a APCEF\/RS j\u00e1 trabalhou.<\/p>\n<p>Assim que a recebemos, instalei um Debian Lenny x86_64 e iniciei as configura\u00e7\u00f5es de um servidor Samba simples. A id\u00e9ia se modificou durante o m\u00eas de novembro e acabou se tornando um servidor de dados completo, sendo o principal servidor da empresa.<\/p>\n<p>Meu prazo de entrega era no dia 20\/11, mas devido a uma confus\u00e3o e alguns eventos que precisavam de aten\u00e7\u00e3o especial de cria\u00e7\u00e3o gr\u00e1fica, a migra\u00e7\u00e3o final atrasou em uma semana, sendo migrado neste \u00faltimo fim de semana. E a\u00ed chegamos ao t\u00edtulo desta postagem.<\/p>\n<p>Uma migra\u00e7\u00e3o nunca \u00e9 simples e, de maneira alguma, \u00e9 simplesmente virar uma chave e tudo est\u00e1 funcionando no novo servidor. Por isso n\u00e3o se faz uma migra\u00e7\u00e3o anual. Quando se prepara um servidor \u00e9 para ficar durante anos&#8230; no meu caso, pelo menos 5 anos. N\u00e3o que acredite que a m\u00e1quina se manter\u00e1 top por tanto tempo, mas acredito que se deve utilizar todo o tempo de vida da mesma a servi\u00e7o da empresa, antes de poder passar por uma nova situa\u00e7\u00e3o desta.<\/p>\n<p>O problema maior desta situa\u00e7\u00e3o \u00e9 o momento em que ocorreu&#8230; Explico: um administrador de redes rec\u00e9m chegado, especialista em infra-estrutura de redes, encontra uma rede que est\u00e1 funcionando de maneira aceit\u00e1vel e decide que \u00e9 necess\u00e1rio melhorar. Isso j\u00e1 \u00e9 motivo para criar tens\u00e3o entre os colegas. Mas para piorar, a migra\u00e7\u00e3o muda levemente o fluxo de trabalho, facilitando para alguns e gerando inc\u00f4modo tempor\u00e1rio para outros.<\/p>\n<p>Mas pessoas que usam a inform\u00e1tica muitas vezes n\u00e3o percebem que a situa\u00e7\u00e3o inc\u00f4moda \u00e9 tempor\u00e1ria e que ap\u00f3s esse momento o sistema torna-se mais est\u00e1vel e confi\u00e1vel. E a\u00ed surgem problemas de relacionamento&#8230; Bochichos sobre a pessoa e sua compet\u00eancia, veneninhos que se espalham como baratas pelo ambiente, escondidas e maliciosas, que podem derrubar um profissional competente que ainda n\u00e3o tem a confian\u00e7a da diretoria.<\/p>\n<p>Felizmente n\u00e3o foi o meu caso. Em apenas 3 meses consegui cativar um n\u00edvel de confian\u00e7a da diretoria que permite que tais inc\u00f4modos n\u00e3o sejam um empec\u00edlio para a manuten\u00e7\u00e3o de meu cargo. Tamb\u00e9m devo acrescentar que nesse trabalho estou bem assessorado com um colega que ajuda muito na pronta solu\u00e7\u00e3o de dificuldades e com apoio junto \u00e0 diretoria.<\/p>\n<p>Nos \u00faltimos 3 dias, passei a maior parte do tempo arrumando configura\u00e7\u00f5es em m\u00e1quinas, acertando coisas que todos precisavam com muita urg\u00eancia, pulando de m\u00e1quina em m\u00e1quina acertando a prioridade de cada um. N\u00e3o foram dias f\u00e1ceis&#8230; mas quem disse que seriam, n\u00e9?<\/p>\n","protected":false},"excerpt":{"rendered":"<p>Pois \u00e9&#8230; Estou oficialmente contratado por tempo indeterminado pela APCEF\/RS, a Associa\u00e7\u00e3o do Pessoal da Caixa Econ\u00f4mica Federal do Rio Grande do Sul, e desde o in\u00edcio de novembro estou cheio de coisas para fazer com o novo servidor que a associa\u00e7\u00e3o comprou.<\/p>\n","protected":false},"author":1,"featured_media":0,"comment_status":"open","ping_status":"open","sticky":false,"template":"","format":"standard","meta":{"footnotes":""},"categories":[10,7],"tags":[26],"class_list":["post-94","post","type-post","status-publish","format-standard","hentry","category-debian","category-software-livre","tag-software-livre"],"_links":{"self":[{"href":"https:\/\/www.universolivre.com.br\/index.php?rest_route=\/wp\/v2\/posts\/94"}],"collection":[{"href":"https:\/\/www.universolivre.com.br\/index.php?rest_route=\/wp\/v2\/posts"}],"about":[{"href":"https:\/\/www.universolivre.com.br\/index.php?rest_route=\/wp\/v2\/types\/post"}],"author":[{"embeddable":true,"href":"https:\/\/www.universolivre.com.br\/index.php?rest_route=\/wp\/v2\/users\/1"}],"replies":[{"embeddable":true,"href":"https:\/\/www.universolivre.com.br\/index.php?rest_route=%2Fwp%2Fv2%2Fcomments&post=94"}],"version-history":[{"count":0,"href":"https:\/\/www.universolivre.com.br\/index.php?rest_route=\/wp\/v2\/posts\/94\/revisions"}],"wp:attachment":[{"href":"https:\/\/www.universolivre.com.br\/index.php?rest_route=%2Fwp%2Fv2%2Fmedia&parent=94"}],"wp:term":[{"taxonomy":"category","embeddable":true,"href":"https:\/\/www.universolivre.com.br\/index.php?rest_route=%2Fwp%2Fv2%2Fcategories&post=94"},{"taxonomy":"post_tag","embeddable":true,"href":"https:\/\/www.universolivre.com.br\/index.php?rest_route=%2Fwp%2Fv2%2Ftags&post=94"}],"curies":[{"name":"wp","href":"https:\/\/api.w.org\/{rel}","templated":true}]}}