{"id":234,"date":"2011-07-07T00:42:39","date_gmt":"2011-07-07T03:42:39","guid":{"rendered":"http:\/\/www.universolivre.net.br\/blog\/?p=234"},"modified":"2011-07-07T00:42:39","modified_gmt":"2011-07-07T03:42:39","slug":"fisl-debian-gnulinux-e-meu-note","status":"publish","type":"post","link":"https:\/\/www.universolivre.com.br\/?p=234","title":{"rendered":"FISL, Debian GNU\/Linux e meu Note"},"content":{"rendered":"<p>O FISL \u00e9 realmente impressionante, uma grande festa de nerds loucos por software livre. Em grande parte uma gama infind\u00e1vel de hackers loucos por codifica\u00e7\u00e3o. No entanto j\u00e1 foi diferente&#8230; A uns anos atr\u00e1s o FISL atraia muitos nerds, mas tamb\u00e9m muitos ativistas pol\u00edticos culturais e sociais.<\/p>\n<p>N\u00e3o \u00e9 para menos que, entre os visitantes ilustres de FISLs anteriores, ningu\u00e9m menos que Lob\u00e3o, Gilberto Gil, Manuela D&#8217;\u00e1vila, Maria do Ros\u00e1rio e, l\u00f3gico que n\u00e3o poderia me esquecer, o grande &#8220;presida&#8221; Lula j\u00e1 passou por aqueles carpetes da mostra de solu\u00e7\u00f5es livres.<\/p>\n<p>Esse ano a grade de palestras foi mais &#8220;qualificada&#8221;, como gostamos de dizer. Houveram muitos coment\u00e1rios positivos sobre a qualidade das palestras e a grande gama de assuntos abordados. Talvez o coment\u00e1rio positivo em cima da grade venha justamente por esse FISL ter sido o F\u00f3rum Internacional Software Livre mais t\u00e9cnico de todos os tempos.<\/p>\n<p>O pouco que vi, uma palestra que envolvia m\u00e9todos de comunica\u00e7\u00e3o do software livre (e aqui est\u00e1 se falando de comunica\u00e7\u00e3o entre seres humanos e n\u00e3o telecomunica\u00e7\u00e3o), apresentado pela Rochelle Prass, percebi que o p\u00fablico deste ano estava mesmo muito t\u00e9cnico&#8230;<\/p>\n<p>Bom&#8230; na noite anterior ao in\u00edcio do F\u00f3rum tomei vergonha e achei que seria muita falta de crit\u00e9rio chegar l\u00e1 com meu TPX200T rodando Window$ 7, ent\u00e3o passei metade da madrugada instalando o Debian Squeeze em sua mais nova release (6.0r2.1)&#8230;<\/p>\n<p>No final da instala\u00e7\u00e3o, nenhuma novidade&#8230; Nenhuma das maiores maravilhas deste note funcionavam&#8230; Mas n\u00e3o \u00e9 que com alguma pesquisa encontrei uma configura\u00e7\u00e3o no Xorg que fez funcionar perfeitamente a tela de toque e a caneta com bot\u00e3o direito e tudo. No mesmo tutorial, encontrei como fazer um pequeno script que poderia colocar um dos bot\u00f5es da tela para &#8220;flipar&#8221; a tela e outro para rotacionar em 90\u00b0. Claro que com a jun\u00e7\u00e3o de ambos se consegue qualquer posi\u00e7\u00e3o de tela. O sistema n\u00e3o chegou a ficar redondinho, ainda, mas est\u00e1 bem pr\u00f3ximo disto.<\/p>\n<p>Agora voc\u00ea deve estar se perguntando: &#8220;Caraca, mano, esse cara t\u00e1 maluco? O que tem o in\u00edcio deste texto a ver com o meio? Parece papo de doido&#8230;&#8221; Mas n\u00e3o \u00e9&#8230; A quest\u00e3o \u00e9 toda por a\u00ed&#8230; O FISL se tornou muito t\u00e9cnico. Diria mais, extremamente t\u00e9cnico&#8230; Nerds fazendo evento para Nerds&#8230; Isso, de certa forma, me deixa um pouco chateado.<\/p>\n<p>C\u00edrculos fechados s\u00e3o legais, mas se queremos que o Software Livre se torne algo UNIVERSAL (e aqui estou falando de universal como de uso para todos, acess\u00edvel para todos), n\u00e3o \u00e9 apenas criando ferramentas assistivas a baixo custo, mas falando SIM de pol\u00edtica e filosofia&#8230; Muita pol\u00edtica e MUITA filosofia.<\/p>\n<p>Vejam por mim&#8230; O que me fez ir atr\u00e1s de resolver todos os problemas do meu Debian no meu TPX200T n\u00e3o foi uma quest\u00e3o t\u00e9cnica: fazer ou deixar de fazer uma fun\u00e7\u00e3o, saber ou n\u00e3o saber como configurar, usar uma fun\u00e7\u00e3o convencional ou elaborar uma estrutura\u00e7\u00e3o toda nova. Nada dessas coisas me convenciam que GNU\/Linux funcionava na tecnologia de ponta que meu note tem. No entanto, uma quest\u00e3o POL\u00cdTICA e FILOS\u00d3FICA mudou totalmente a situa\u00e7\u00e3o&#8230;<\/p>\n<p>Precisamos, urgentemente, retomar a fun\u00e7\u00e3o filos\u00f3fica, pol\u00edtica e social do Software Livre para evitar que ele se torne apenas uma escolha barata para quem n\u00e3o quer pagar pela licen\u00e7a do tio Bill ou usar pirataria. Mesmo porque a m\u00eddia est\u00e1 adorando ligar os Crackers que est\u00e3o saindo invadindo sites do governo com os ativistas do Software Livre.<\/p>\n<p>Palestras filos\u00f3ficas, debates pol\u00edticos e temas sociais podem desvincular o Software Livre de criminosos digitais e vincul\u00e1-lo positivamente com o humanitarismo, pois eu acredito que ser socialmente justo, tecnologicamente vi\u00e1vel e economicamente sustent\u00e1vel \u00e9 sim ser humanit\u00e1rio. \u00c9 conseguir aliar a tecnologia para quem precisa e de forma justa e sustent\u00e1vel, \u00e9 ser HUMANO.<\/p>\n","protected":false},"excerpt":{"rendered":"<p>O FISL \u00e9 realmente impressionante, uma grande festa de nerds loucos por software livre. Em grande parte uma gama infind\u00e1vel de hackers loucos por codifica\u00e7\u00e3o. No entanto j\u00e1 foi diferente&#8230; A uns anos atr\u00e1s o FISL atraia muitos nerds, mas tamb\u00e9m muitos ativistas pol\u00edticos culturais e sociais.<\/p>\n","protected":false},"author":1,"featured_media":0,"comment_status":"open","ping_status":"open","sticky":false,"template":"","format":"standard","meta":{"footnotes":""},"categories":[10,13,7],"tags":[],"class_list":["post-234","post","type-post","status-publish","format-standard","hentry","category-debian","category-fisl","category-software-livre"],"_links":{"self":[{"href":"https:\/\/www.universolivre.com.br\/index.php?rest_route=\/wp\/v2\/posts\/234"}],"collection":[{"href":"https:\/\/www.universolivre.com.br\/index.php?rest_route=\/wp\/v2\/posts"}],"about":[{"href":"https:\/\/www.universolivre.com.br\/index.php?rest_route=\/wp\/v2\/types\/post"}],"author":[{"embeddable":true,"href":"https:\/\/www.universolivre.com.br\/index.php?rest_route=\/wp\/v2\/users\/1"}],"replies":[{"embeddable":true,"href":"https:\/\/www.universolivre.com.br\/index.php?rest_route=%2Fwp%2Fv2%2Fcomments&post=234"}],"version-history":[{"count":0,"href":"https:\/\/www.universolivre.com.br\/index.php?rest_route=\/wp\/v2\/posts\/234\/revisions"}],"wp:attachment":[{"href":"https:\/\/www.universolivre.com.br\/index.php?rest_route=%2Fwp%2Fv2%2Fmedia&parent=234"}],"wp:term":[{"taxonomy":"category","embeddable":true,"href":"https:\/\/www.universolivre.com.br\/index.php?rest_route=%2Fwp%2Fv2%2Fcategories&post=234"},{"taxonomy":"post_tag","embeddable":true,"href":"https:\/\/www.universolivre.com.br\/index.php?rest_route=%2Fwp%2Fv2%2Ftags&post=234"}],"curies":[{"name":"wp","href":"https:\/\/api.w.org\/{rel}","templated":true}]}}