{"id":120,"date":"2010-08-14T23:53:18","date_gmt":"2010-08-15T02:53:18","guid":{"rendered":"http:\/\/www.universolivre.net.br\/blog\/?p=120"},"modified":"2010-08-14T23:53:18","modified_gmt":"2010-08-15T02:53:18","slug":"um-dia-para-comemorar-o-projeto-debian","status":"publish","type":"post","link":"https:\/\/www.universolivre.com.br\/?p=120","title":{"rendered":"Um dia para comemorar o Projeto Debian"},"content":{"rendered":"<p><img loading=\"lazy\" decoding=\"async\" class=\"size-full wp-image-123 alignright\" style=\"padding: 10px; border: 1px solid black; margin: 10px;\" title=\"DDPOA2010\" src=\"http:\/\/www.universolivre.net.br\/blog\/wp-content\/uploads\/2010\/08\/DDPOA2010.png\" alt=\"Debian Day Porto Alegre 2010\" width=\"242\" height=\"251\" \/>Hoje ocorreu o Debian Day 2010 Porto Alegre, um evento um tanto intimista da distrubui\u00e7\u00e3o GNU\/Linux Debian.<\/p>\n<p style=\"text-align: justify;\">Com 17 anos de vida o Projeto Debian comemorou seu anivers\u00e1rio em Porto Alegre chamando amigos para um bate papo e ums sess\u00e3o de &#8220;cinema&#8221; na Casa dos Banc\u00e1rios, sede do Sindicato dos Banc\u00e1rios de Porto Alegre.<\/p>\n<p style=\"text-align: justify;\">O evento iniciou-se com uma pequena abertura, com participa\u00e7\u00e3o de Sady Jacques, Embaixador do FISL e s\u00f3cio fundador da Associa\u00e7\u00e3o Software Livre, e seguiu com minha palestra &#8220;N\u00e3o sou programador, como posso ajudar o Projeto Debian?&#8221;, que explica o que \u00e9 o projeto Debian, como ocorre seu desenvolvimento, apresenta alguns motivos que me levam a usar Debian e como que cada um, com seu conhecimento e sua vontade pode ajudar o projeto a continuar se desenvolvendo.<\/p>\n<p style=\"text-align: justify;\">Na sequ\u00eancia, Sady Jacques foi o &#8220;dono do microfone&#8221;, criando um ambiente descontra\u00eddo de conversa para falar sobre as necessidades dos movimentos de software livre.<\/p>\n<p style=\"text-align: justify;\">Ap\u00f3s um pequeno intervalo, Andr\u00e9 Felipe Machado entrou com um conhecimento mais profundo sobre sistemas de arquivos e como fazer um ajuste fino para obter a m\u00e1xima produtividade, agilidade e performance em sistemas de arquivos mais usados em pequenas empresas.<\/p>\n<p style=\"text-align: justify;\">Ap\u00f3s o encerramento oficial, foi apresentado o filme &#8216;The Code&#8217; legendado, um document\u00e1rio de TV que apresenta o nascimento do kernel Linux, criado por Linus Torvalds.<\/p>\n<p style=\"text-align: justify;\">O evento contou com 28 participantes, que receber\u00e3o certificados de participa\u00e7\u00e3o via e-mail em breve.<\/p>\n<p style=\"text-align: justify;\">Gostaria de agradecer \u00e0 Associa\u00e7\u00e3o SoftwareLivre.Org por ajudarem tanto com a comunica\u00e7\u00e3o do evento e a presen\u00e7a da R\u00e1dio e TV SoftwareLivre, ao SindBanc\u00e1rios por essa maravilhosa parceria que permitiu que o evento ocorresse em suas depend\u00eancias, \u00e0 comunidade TcheLinux que teve participa\u00e7\u00e3o no evento e a todos aqueles que deixaram suas fam\u00edlias nesse s\u00e1bado frio para estarem nesse maravilhoso evento.<\/p>\n<p><script type='text\/javascript'\nsrc='http:\/\/valessiobrito.info\/projetos\/debian\/others\/dad\/happydebian-nolinks.js'>\n<\/script><\/p>\n","protected":false},"excerpt":{"rendered":"<p style=\"text-align: justify;\">Hoje ocorreu o Debian Day 2010 Porto Alegre, um evento um tanto intimista da distrubui\u00e7\u00e3o GNU\/Linux Debian.<\/p>\n<p style=\"text-align: justify;\">Com 17 anos de vida o Projeto Debian comemorou seu anivers\u00e1rio em Porto Alegre chamando amigos para um bate papo e ums sess\u00e3o de &#8220;cinema&#8221; na Casa dos Banc\u00e1rios, sede do Sindicato dos Banc\u00e1rios de Porto Alegre.<\/p>\n","protected":false},"author":1,"featured_media":0,"comment_status":"open","ping_status":"open","sticky":false,"template":"","format":"standard","meta":{"footnotes":""},"categories":[10,11,12,7],"tags":[17,19,26],"class_list":["post-120","post","type-post","status-publish","format-standard","hentry","category-debian","category-debian-br","category-debian-rs","category-software-livre","tag-debian","tag-debian-rs","tag-software-livre"],"_links":{"self":[{"href":"https:\/\/www.universolivre.com.br\/index.php?rest_route=\/wp\/v2\/posts\/120"}],"collection":[{"href":"https:\/\/www.universolivre.com.br\/index.php?rest_route=\/wp\/v2\/posts"}],"about":[{"href":"https:\/\/www.universolivre.com.br\/index.php?rest_route=\/wp\/v2\/types\/post"}],"author":[{"embeddable":true,"href":"https:\/\/www.universolivre.com.br\/index.php?rest_route=\/wp\/v2\/users\/1"}],"replies":[{"embeddable":true,"href":"https:\/\/www.universolivre.com.br\/index.php?rest_route=%2Fwp%2Fv2%2Fcomments&post=120"}],"version-history":[{"count":0,"href":"https:\/\/www.universolivre.com.br\/index.php?rest_route=\/wp\/v2\/posts\/120\/revisions"}],"wp:attachment":[{"href":"https:\/\/www.universolivre.com.br\/index.php?rest_route=%2Fwp%2Fv2%2Fmedia&parent=120"}],"wp:term":[{"taxonomy":"category","embeddable":true,"href":"https:\/\/www.universolivre.com.br\/index.php?rest_route=%2Fwp%2Fv2%2Fcategories&post=120"},{"taxonomy":"post_tag","embeddable":true,"href":"https:\/\/www.universolivre.com.br\/index.php?rest_route=%2Fwp%2Fv2%2Ftags&post=120"}],"curies":[{"name":"wp","href":"https:\/\/api.w.org\/{rel}","templated":true}]}}